{"id":8805,"date":"2017-05-25T13:30:55","date_gmt":"2017-05-25T04:30:55","guid":{"rendered":"https:\/\/fukuoka.barcaacademy.com\/news\/?p=8805"},"modified":"2017-05-23T15:33:27","modified_gmt":"2017-05-23T06:33:27","slug":"2017-18%e3%82%b7%e3%83%bc%e3%82%ba%e3%83%b3-%e8%aa%ac%e6%98%8e%e4%bc%9a%e3%82%92%e5%ae%9f%e6%96%bd","status":"publish","type":"post","link":"https:\/\/fukuoka.barcaacademy.com\/news\/archives\/8805","title":{"rendered":"2017-18\u30b7\u30fc\u30ba\u30f3 \u8aac\u660e\u4f1a\u3092\u5b9f\u65bd"},"content":{"rendered":"<p><img loading=\"lazy\" decoding=\"async\" src=\"https:\/\/fukuoka.barcaacademy.com\/news\/wp-content\/uploads\/2017\/05\/clover-4.jpg\" alt=\"\" width=\"3456\" height=\"2304\" class=\"aligncenter size-full wp-image-8792\" srcset=\"https:\/\/fukuoka.barcaacademy.com\/news\/wp-content\/uploads\/2017\/05\/clover-4.jpg 1920w, https:\/\/fukuoka.barcaacademy.com\/news\/wp-content\/uploads\/2017\/05\/clover-4-300x200.jpg 300w, https:\/\/fukuoka.barcaacademy.com\/news\/wp-content\/uploads\/2017\/05\/clover-4-768x512.jpg 768w, https:\/\/fukuoka.barcaacademy.com\/news\/wp-content\/uploads\/2017\/05\/clover-4-650x433.jpg 650w\" sizes=\"auto, (max-width: 3456px) 100vw, 3456px\" \/><\/p>\n<p>Buenos d\u00edas familia de la FCBEscola Fukuoka!El pasado s\u00e1bado 20 realizamos la presentaci\u00f3n de lo que ser\u00e1 la temporada 2017-2018.Esta presentaci\u00f3n se dividi\u00f3 en tres partes.<\/p>\n<p>FC\u30d0\u30eb\u30bb\u30ed\u30ca\u30b9\u30af\u30fc\u30eb\u798f\u5ca1\u6821\u306e\u30d5\u30a1\u30df\u30ea\u30fc\u306e\u7686\u69d8 \u3053\u3093\u306b\u3061\u306f!\u5148\u65e5\u306e20\u65e5(\u571f)\u306b\u30b7\u30fc\u30ba\u30f32017-2018\u306e\u4fdd\u8b77\u8005\u8aac\u660e\u4f1a\u3092\u958b\u304d\u307e\u3057\u305f\u3002\u3053\u306e\u4fdd\u8b77\u8005\u8aac\u660e\u4f1a\u3067\u306f\u30013\u3064\u306e\u30d1\u30fc\u30c8\u306b\u5206\u3051\u307e\u3057\u305f\u3002<\/p>\n<p>La introducci\u00f3n la realiz\u00f3 Isaac , responsable del \u00e1rea de metodolog\u00eda de las FCBEscolas y nos habl\u00f3 de la importancia que tienen las FCBEscolas para el FC Barcelona siendo la FCBEscola Fukuoka una de las m\u00e1s importantes por su largo recorrido en el club.<\/p>\n<p> Isaac tambi\u00e9n fue el encargado de entregar el trofeo al mejor jugador de la campa\u00f1a pasada , Noda Kazushi, a quien realiz\u00f3 unas preguntas.<\/p>\n<p>Al termino de esta introducci\u00f3n , la FCBEscola Fukuoka en nombre de todos sus alumnos y staff hizo entrega de un kimono a Isaac como muestra de bienvenida y gratitud .<\/p>\n<p>\u7b2c1\u90e8\u306f\u3001FC\u30d0\u30eb\u30bb\u30ed\u30ca\u30b9\u30af\u30fc\u30eb\u306e\u30e1\u30bd\u30c3\u30c9\u90e8\u9580\u306e\u8cac\u4efb\u8005\u30fb\u30a4\u30b5\u30fc\u30af\u6c0f\u306e\u8a71\u3067\u59cb\u307e\u308a\u3001FC\u30d0\u30eb\u30bb\u30ed\u30ca\u306b\u3068\u3063\u3066\u30d0\u30eb\u30b5\u30b9\u30af\u30fc\u30eb\u306e\u91cd\u8981\u6027\u3092\u306b\u3064\u3044\u3066\u304a\u8a71\u304c\u3042\u308a,\u305d\u306e\u4e2d\u3067\u3082\u9577\u3044\u6b74\u53f2\u304c\u3042\u308b\u798f\u5ca1\u6821\u306f\u6700\u3082\u91cd\u8981\u306a1\u6821\u3067\u3042\u308b\u3068\u3044\u3046\u304a\u8a71\u3092\u3057\u3066\u9802\u304d\u307e\u3057\u305f\u3002\u53c8\u3001\u30a4\u30b5\u30fc\u30af\u6c0f\u306b\u3088\u308b\u6628\u30b7\u30fc\u30ba\u30f3\u306eMVP\u9078\u624b\u30fb\u91ce\u7530 \u548c\u5fd7\u541b\u306e\u30c8\u30ed\u30d5\u30a3\u30fc\u306e\u6388\u4e0e\u3092\u52d9\u3081\u3066\u9802\u304d\u548c\u5fd7\u541b\u672c\u4eba\u306b\u3044\u304f\u3064\u304b\u306e\u8cea\u554f\u3092\u3044\u305f\u3057\u307e\u3057\u305f\u3002 \u30a4\u30b5\u30fc\u30af\u6c0f\u306e\u8a71\u304c\u7d42\u308f\u308a\u3001FC\u30d0\u30eb\u30bb\u30ed\u30ca\u30b9\u30af\u30fc\u30eb \u798f\u5ca1\u6821\u306e\u751f\u5f92\u30fb\u30b9\u30bf\u30c3\u30d5\u3092\u4ee3\u8868\u3057\u30a4\u30b5\u30fc\u30af\u6c0f\u306b\u6765\u798f\u306e\u611f\u8b1d\u306e\u6c17\u6301\u3061\u3092\u8fbc\u3081\u3066\u7740\u7269\u3092\u8d08\u308a\u307e\u3057\u305f\u3002<\/p>\n<p><img loading=\"lazy\" decoding=\"async\" src=\"https:\/\/fukuoka.barcaacademy.com\/news\/wp-content\/uploads\/2017\/05\/clover-5.jpg\" alt=\"\" width=\"3456\" height=\"2304\" class=\"aligncenter size-full wp-image-8791\" srcset=\"https:\/\/fukuoka.barcaacademy.com\/news\/wp-content\/uploads\/2017\/05\/clover-5.jpg 1920w, https:\/\/fukuoka.barcaacademy.com\/news\/wp-content\/uploads\/2017\/05\/clover-5-300x200.jpg 300w, https:\/\/fukuoka.barcaacademy.com\/news\/wp-content\/uploads\/2017\/05\/clover-5-768x512.jpg 768w, https:\/\/fukuoka.barcaacademy.com\/news\/wp-content\/uploads\/2017\/05\/clover-5-650x433.jpg 650w\" sizes=\"auto, (max-width: 3456px) 100vw, 3456px\" \/><br \/>\nLa segunda parte de la presentaci\u00f3n la realiz\u00f3 Oskar Coca.<br \/>\nEn esta parte desarrollamos cuales eran los objetivos para la FCBEscola Fukuoka en la temporada 2017-2018.<br \/>\nTambi\u00e9n explicamos novedades que se incorporar\u00e1n esta temporada como , por ejemplo ,el curso de competici\u00f3n (Copa Catalunya) y los capitanes de equipo. <\/p>\n<p>\u7b2c2\u90e8\u306f\u3001\u30aa\u30b9\u30ab\u30eb \u30b3\u30ab \u30b3\u30fc\u30c1\u306b\u3088\u308b\u8aac\u660e\u4f1a\u304c\u59cb\u307e\u308a\u307e\u3057\u305f\u30022017\/18\u30b7\u30fc\u30ba\u30f3\u306eFC\u30d0\u30eb\u30bb\u30ed\u30ca\u30b9\u30af\u30fc\u30eb \u798f\u5ca1\u6821\u306e\u76ee\u7684\u306b\u3064\u3044\u3066\u8a71\u3092\u3044\u305f\u3057\u307e\u3057\u305f\u3002\u53c8\u3001\u30b3\u30f3\u30da\u30c6\u30a3\u30b7\u30aa\u30f3 \u30b3\u30fc\u30b9(\u30b3\u30d1 \u30ab\u30bf\u30eb\u30fc\u30cb\u30e3)\u3084\u30c1\u30fc\u30e0\u30ad\u30e3\u30d7\u30c6\u30f3\u5236\u5ea6\u306b\u3064\u3044\u3066\u306e\u8a71\u3082\u81f4\u3057\u307e\u3057\u305f\u3002<\/p>\n<p>Para finalizar, Takuya explic\u00f3 como se estructuran los equipos dentro de la FCBEscola Fukuoka ,el calendario de la temporada y present\u00f3 al staff.<\/p>\n<p>Desde la FCBEscola Fukuoka queremos agradecer a los asistentes a la presentaci\u00f3n el esfuerzo realizado por venir y esperamos que todos los alumnos y familias se diviertan durante esta nueva temporada.<\/p>\n<p>\u6700\u5f8c\u306e\u7b2c3\u90e8\u306f\u3001\u539f\u3088\u308aFC\u30d0\u30eb\u30bb\u30ed\u30ca\u30b9\u30af\u30fc\u30eb \u798f\u5ca1\u6821\u306e\u69cb\u9020\u3068\u5e74\u9593\u30b9\u30b1\u30b8\u30e5\u30fc\u30eb\u3001\u30b9\u30bf\u30c3\u30d5\u7d39\u4ecb\u3092\u81f4\u3057\u307e\u3057\u305f\u3002FC\u30d0\u30eb\u30bb\u30ed\u30ca\u30b9\u30af\u30fc\u30eb \u798f\u5ca1\u6821\u3092\u4ee3\u8868\u3057\u3001\u3054\u6765\u5834\u3044\u305f\u3060\u304d\u611f\u8b1d\u7533\u3057\u4e0a\u3052\u307e\u3059\u3002\u4eca\u30b7\u30fc\u30ba\u30f3\u3082\u751f\u5f92\u9054\u3068\u3054\u5bb6\u65cf\u306e\u65b9\u3005\u304c\u697d\u3057\u3093\u3067\u9802\u3051\u308b\u3068\u611f\u3058\u3066\u304a\u308a\u307e\u3059\u3002<\/p>\n<p>Un abrazo.<br \/>\nVisca el Bar\u00e7a!!!<br \/>\nOskar Coca.<\/p>\n","protected":false},"excerpt":{"rendered":"<p>Buenos d\u00edas familia de la FCBEscola Fukuoka!El pasado s\u00e1bado 20 realizamos la presentaci\u00f3n de lo que ser\u00e1 la temporada 2017-2018.Esta presentaci\u00f3n se \u2026<\/p>\n","protected":false},"author":3,"featured_media":8792,"comment_status":"closed","ping_status":"open","sticky":false,"template":"","format":"standard","meta":{"footnotes":""},"categories":[13,3],"tags":[],"class_list":["post-8805","post","type-post","status-publish","format-standard","has-post-thumbnail","hentry","category-td","category-3"],"aioseo_notices":[],"_links":{"self":[{"href":"https:\/\/fukuoka.barcaacademy.com\/news\/wp-json\/wp\/v2\/posts\/8805","targetHints":{"allow":["GET"]}}],"collection":[{"href":"https:\/\/fukuoka.barcaacademy.com\/news\/wp-json\/wp\/v2\/posts"}],"about":[{"href":"https:\/\/fukuoka.barcaacademy.com\/news\/wp-json\/wp\/v2\/types\/post"}],"author":[{"embeddable":true,"href":"https:\/\/fukuoka.barcaacademy.com\/news\/wp-json\/wp\/v2\/users\/3"}],"replies":[{"embeddable":true,"href":"https:\/\/fukuoka.barcaacademy.com\/news\/wp-json\/wp\/v2\/comments?post=8805"}],"version-history":[{"count":2,"href":"https:\/\/fukuoka.barcaacademy.com\/news\/wp-json\/wp\/v2\/posts\/8805\/revisions"}],"predecessor-version":[{"id":8807,"href":"https:\/\/fukuoka.barcaacademy.com\/news\/wp-json\/wp\/v2\/posts\/8805\/revisions\/8807"}],"wp:featuredmedia":[{"embeddable":true,"href":"https:\/\/fukuoka.barcaacademy.com\/news\/wp-json\/wp\/v2\/media\/8792"}],"wp:attachment":[{"href":"https:\/\/fukuoka.barcaacademy.com\/news\/wp-json\/wp\/v2\/media?parent=8805"}],"wp:term":[{"taxonomy":"category","embeddable":true,"href":"https:\/\/fukuoka.barcaacademy.com\/news\/wp-json\/wp\/v2\/categories?post=8805"},{"taxonomy":"post_tag","embeddable":true,"href":"https:\/\/fukuoka.barcaacademy.com\/news\/wp-json\/wp\/v2\/tags?post=8805"}],"curies":[{"name":"wp","href":"https:\/\/api.w.org\/{rel}","templated":true}]}}