{"id":8790,"date":"2017-05-24T12:30:18","date_gmt":"2017-05-24T03:30:18","guid":{"rendered":"https:\/\/fukuoka.barcaacademy.com\/news\/?p=8790"},"modified":"2017-05-23T15:28:40","modified_gmt":"2017-05-23T06:28:40","slug":"%e3%82%a4%e3%82%b5%e3%83%bc%e3%82%af%e3%83%bb%e3%82%b2%e3%83%ac%e3%83%bc%e3%83%ad%e6%b0%8f-%e6%9d%a5%e7%a6%8f","status":"publish","type":"post","link":"https:\/\/fukuoka.barcaacademy.com\/news\/archives\/8790","title":{"rendered":"\u30a4\u30b5\u30fc\u30af\u30fb\u30b2\u30ec\u30fc\u30ed\u6c0f \u6765\u798f"},"content":{"rendered":"<p><img loading=\"lazy\" decoding=\"async\" src=\"https:\/\/fukuoka.barcaacademy.com\/news\/wp-content\/uploads\/2017\/05\/clover-1.jpg\" alt=\"\" width=\"3456\" height=\"2304\" class=\"aligncenter size-full wp-image-8795\" srcset=\"https:\/\/fukuoka.barcaacademy.com\/news\/wp-content\/uploads\/2017\/05\/clover-1.jpg 1920w, https:\/\/fukuoka.barcaacademy.com\/news\/wp-content\/uploads\/2017\/05\/clover-1-300x200.jpg 300w, https:\/\/fukuoka.barcaacademy.com\/news\/wp-content\/uploads\/2017\/05\/clover-1-768x512.jpg 768w, https:\/\/fukuoka.barcaacademy.com\/news\/wp-content\/uploads\/2017\/05\/clover-1-650x433.jpg 650w\" sizes=\"auto, (max-width: 3456px) 100vw, 3456px\" \/><\/p>\n<p>Buenos d\u00edas familia de la FCBEscola Fukuoka<br \/>\nFC\u30d0\u30eb\u30bb\u30ed\u30ca\u30b9\u30af\u30fc\u30eb \u798f\u5ca1\u6821\u306e\u30d5\u30a1\u30df\u30ea\u30fc\u306e\u7686\u69d8 \u3053\u3093\u306b\u3061\u306f<\/p>\n<p>Durante los pasados d\u00edas 19-21  la FCBEscola Fukuoka recibi\u00f3 la visita de Isaac Guerrero, responsable del \u00e1rea de metodolog\u00eda  de las FCBEscolas.<\/p>\n<p>5\u670819\u65e5-21\u65e5\u306e\u9593\u306b\u3001FC\u30d0\u30eb\u30bb\u30ed\u30ca\u30b9\u30af\u30fc\u30eb\u306e\u30e1\u30bd\u30c3\u30c9\u90e8\u9580\u306e\u8cac\u4efb\u8005\u3067\u3042\u308b\u300c\u30a4\u30b5\u30fc\u30af \u30b2\u30ec\u30fc\u30ed\u6c0f\u300d\u304c\u30d0\u30eb\u30bb\u30ed\u30ca\u30b9\u30af\u30fc\u30eb\u798f\u5ca1\u6821\u3092\u8a2a\u308c\u307e\u3057\u305f\u3002<\/p>\n<p>En esta visita , Isaac pudo comprobar como los alumnos de la FCBEscola Fukuoka van asimilando  los mismos contenidos que se ense\u00f1an en la FCBEscola de Barcelona.<\/p>\n<p>\u4eca\u56de\u306e\u8a2a\u554f\u3067FC\u30d0\u30eb\u30bb\u30ed\u30ca\u30b9\u30af\u30fc\u30eb \u798f\u5ca1\u6821\u306e\u751f\u5f92\u9054\u304c\u3001\u73fe\u5730\u306eFC\u30d0\u30eb\u30bb\u30ed\u30ca\u30b9\u30af\u30fc\u30eb\u3068\u540c\u3058\u5185\u5bb9\u3067\u6559\u3048\u3089\u308c\u3066\u3044\u308b\u4e8b\u3092\u78ba\u8a8d\u51fa\u6765\u307e\u3057\u305f\u3002<\/p>\n<p><img loading=\"lazy\" decoding=\"async\" src=\"https:\/\/fukuoka.barcaacademy.com\/news\/wp-content\/uploads\/2017\/05\/S__3719182.jpg\" alt=\"\" width=\"1478\" height=\"1108\" class=\"aligncenter size-full wp-image-8803\" srcset=\"https:\/\/fukuoka.barcaacademy.com\/news\/wp-content\/uploads\/2017\/05\/S__3719182.jpg 1478w, https:\/\/fukuoka.barcaacademy.com\/news\/wp-content\/uploads\/2017\/05\/S__3719182-300x225.jpg 300w, https:\/\/fukuoka.barcaacademy.com\/news\/wp-content\/uploads\/2017\/05\/S__3719182-768x576.jpg 768w, https:\/\/fukuoka.barcaacademy.com\/news\/wp-content\/uploads\/2017\/05\/S__3719182-650x487.jpg 650w\" sizes=\"auto, (max-width: 1478px) 100vw, 1478px\" \/><\/p>\n<p>Los entrenadores de la FCBEscola Fukuoka recibieron una formaci\u00f3n por parte de Isaac, no solo te\u00f3rica, sino que tambi\u00e9n estuvieron realizando ejercicios en campo.<\/p>\n<p>\u30a4\u30b5\u30fc\u30af\u6c0f\u306b\u3088\u308b\u3001\u30b3\u30fc\u30c1\u7814\u4fee\u4f1a\u3067FC\u30d0\u30eb\u30bb\u30ed\u30ca\u30b9\u30af\u30fc\u30eb \u798f\u5ca1\u6821\u306e\u30b3\u30fc\u30c1\u9663\u306f\u5ea7\u5b66\u3060\u3051\u3067\u306f\u306a\u304f\u3001\u30d4\u30c3\u30c1\u3067\u3082\u5b9f\u6280\u306e\u7814\u4fee\u3092\u53d7\u3051\u308b\u4e8b\u304c\u51fa\u6765\u307e\u3057\u305f\u3002<\/p>\n<p>Para finalizar su visita Isaac particip\u00f3 en la presentaci\u00f3n de la temporada realizando una charla sobre que es una FCBEscola y la gran importancia que tienen para el FC Barcelona las FCBEscolas.<\/p>\n<p>\u6ede\u5728\u671f\u9593\u4e2d\u306e\u6700\u5f8c\u306f\u3001\u65b0\u30b7\u30fc\u30ba\u30f3\u306e\u4fdd\u8b77\u8005\u8aac\u660e\u306b\u51fa\u5e2d\u3057FC\u30d0\u30eb\u30bb\u30ed\u30ca\u30b9\u30af\u30fc\u30eb\u3068\u306f\u4f55\u304b\u3092\u8aac\u660e\u3057\u3066\u9802\u304d\u3001FC\u30d0\u30eb\u30bb\u30ed\u30ca\u306b\u3068\u3063\u3066\u30b9\u30af\u30fc\u30eb\u306e\u5927\u5207\u3055\u3092\u8a71\u3057\u3066\u9802\u304d\u307e\u3057\u305f\u3002<\/p>\n<p><img loading=\"lazy\" decoding=\"async\" src=\"https:\/\/fukuoka.barcaacademy.com\/news\/wp-content\/uploads\/2017\/05\/clover-2.jpg\" alt=\"\" width=\"3456\" height=\"2304\" class=\"aligncenter size-full wp-image-8794\" srcset=\"https:\/\/fukuoka.barcaacademy.com\/news\/wp-content\/uploads\/2017\/05\/clover-2.jpg 1920w, https:\/\/fukuoka.barcaacademy.com\/news\/wp-content\/uploads\/2017\/05\/clover-2-300x200.jpg 300w, https:\/\/fukuoka.barcaacademy.com\/news\/wp-content\/uploads\/2017\/05\/clover-2-768x512.jpg 768w, https:\/\/fukuoka.barcaacademy.com\/news\/wp-content\/uploads\/2017\/05\/clover-2-650x433.jpg 650w\" sizes=\"auto, (max-width: 3456px) 100vw, 3456px\" \/><\/p>\n<p>El fue el encargado de dar el trofeo al mejor jugador de la temporada pasada Noda Kazushi .<\/p>\n<p>\u305d\u3057\u3066\u3001\u6628\u30b7\u30fc\u30ba\u30f3\u306eMVP\u91ce\u7530 \u548c\u5fd7\u541b\u306b\u306f\u3001MVP\u30c8\u30ed\u30d5\u30a3\u30fc\u306e\u6388\u4e0e\u3092\u52d9\u3081\u3066\u9802\u304d\u307e\u3057\u305f\u3002<\/p>\n<p><img loading=\"lazy\" decoding=\"async\" src=\"https:\/\/fukuoka.barcaacademy.com\/news\/wp-content\/uploads\/2017\/05\/clover-3.jpg\" alt=\"\" width=\"3456\" height=\"2304\" class=\"aligncenter size-full wp-image-8793\" srcset=\"https:\/\/fukuoka.barcaacademy.com\/news\/wp-content\/uploads\/2017\/05\/clover-3.jpg 1920w, https:\/\/fukuoka.barcaacademy.com\/news\/wp-content\/uploads\/2017\/05\/clover-3-300x200.jpg 300w, https:\/\/fukuoka.barcaacademy.com\/news\/wp-content\/uploads\/2017\/05\/clover-3-768x512.jpg 768w, https:\/\/fukuoka.barcaacademy.com\/news\/wp-content\/uploads\/2017\/05\/clover-3-650x433.jpg 650w\" sizes=\"auto, (max-width: 3456px) 100vw, 3456px\" \/><\/p>\n<p>La FCBEscola , en nombre de todos sus alumnos y staff, le hizo entrega de un kimono a Isaac como muestra de bienvenida y agradecimiento.<\/p>\n<p>FC\u30d0\u30eb\u30bb\u30ed\u30ca\u306e\u751f\u5f92\u9054\u3068\u30b9\u30bf\u30c3\u30d5\u3092\u4ee3\u8868\u3057\u3001\u6765\u798f\u306e\u611f\u8b1d\u3092\u8fbc\u3081\u3066\u7740\u7269\u3092\u30d7\u30ec\u30bc\u30f3\u30c8\u3044\u305f\u3057\u307e\u3057\u305f\u3002<\/p>\n<p>Visca el Bar\u00e7a!!<br \/>\nUn abrazo, Oskar Coca.<\/p>\n","protected":false},"excerpt":{"rendered":"<p>Buenos d\u00edas familia de la FCBEscola Fukuoka FC\u30d0\u30eb\u30bb\u30ed\u30ca\u30b9\u30af\u30fc\u30eb \u798f\u5ca1\u6821\u306e\u30d5\u30a1\u30df\u30ea\u30fc\u306e\u7686\u69d8 \u3053\u3093\u306b\u3061\u306f Durante los pasados d\u00edas 19-21 la FCBEscola Fukuoka recibi\u00f3 la visita de Is\u2026<\/p>\n","protected":false},"author":3,"featured_media":8795,"comment_status":"closed","ping_status":"open","sticky":false,"template":"","format":"standard","meta":{"footnotes":""},"categories":[3],"tags":[],"class_list":["post-8790","post","type-post","status-publish","format-standard","has-post-thumbnail","hentry","category-3"],"aioseo_notices":[],"_links":{"self":[{"href":"https:\/\/fukuoka.barcaacademy.com\/news\/wp-json\/wp\/v2\/posts\/8790","targetHints":{"allow":["GET"]}}],"collection":[{"href":"https:\/\/fukuoka.barcaacademy.com\/news\/wp-json\/wp\/v2\/posts"}],"about":[{"href":"https:\/\/fukuoka.barcaacademy.com\/news\/wp-json\/wp\/v2\/types\/post"}],"author":[{"embeddable":true,"href":"https:\/\/fukuoka.barcaacademy.com\/news\/wp-json\/wp\/v2\/users\/3"}],"replies":[{"embeddable":true,"href":"https:\/\/fukuoka.barcaacademy.com\/news\/wp-json\/wp\/v2\/comments?post=8790"}],"version-history":[{"count":8,"href":"https:\/\/fukuoka.barcaacademy.com\/news\/wp-json\/wp\/v2\/posts\/8790\/revisions"}],"predecessor-version":[{"id":8801,"href":"https:\/\/fukuoka.barcaacademy.com\/news\/wp-json\/wp\/v2\/posts\/8790\/revisions\/8801"}],"wp:featuredmedia":[{"embeddable":true,"href":"https:\/\/fukuoka.barcaacademy.com\/news\/wp-json\/wp\/v2\/media\/8795"}],"wp:attachment":[{"href":"https:\/\/fukuoka.barcaacademy.com\/news\/wp-json\/wp\/v2\/media?parent=8790"}],"wp:term":[{"taxonomy":"category","embeddable":true,"href":"https:\/\/fukuoka.barcaacademy.com\/news\/wp-json\/wp\/v2\/categories?post=8790"},{"taxonomy":"post_tag","embeddable":true,"href":"https:\/\/fukuoka.barcaacademy.com\/news\/wp-json\/wp\/v2\/tags?post=8790"}],"curies":[{"name":"wp","href":"https:\/\/api.w.org\/{rel}","templated":true}]}}