{"id":8788,"date":"2017-05-23T15:20:11","date_gmt":"2017-05-23T06:20:11","guid":{"rendered":"https:\/\/fukuoka.barcaacademy.com\/news\/?p=8788"},"modified":"2017-05-23T15:49:07","modified_gmt":"2017-05-23T06:49:07","slug":"%e3%82%b3%e3%83%91%e3%82%ab%e3%82%bf%e3%83%ab%e3%83%bc%e3%83%8b%e3%83%a3%e7%ac%ac%e4%b8%80%e7%af%80","status":"publish","type":"post","link":"https:\/\/fukuoka.barcaacademy.com\/news\/archives\/8788","title":{"rendered":"\u30b3\u30d1\u30ab\u30bf\u30eb\u30fc\u30cb\u30e3\u7b2c\u4e00\u7bc0"},"content":{"rendered":"<p><img loading=\"lazy\" decoding=\"async\" src=\"https:\/\/fukuoka.barcaacademy.com\/news\/wp-content\/uploads\/2017\/05\/S__7626755.jpg\" alt=\"\" width=\"1478\" height=\"1108\" class=\"aligncenter size-full wp-image-8809\" srcset=\"https:\/\/fukuoka.barcaacademy.com\/news\/wp-content\/uploads\/2017\/05\/S__7626755.jpg 1478w, https:\/\/fukuoka.barcaacademy.com\/news\/wp-content\/uploads\/2017\/05\/S__7626755-300x225.jpg 300w, https:\/\/fukuoka.barcaacademy.com\/news\/wp-content\/uploads\/2017\/05\/S__7626755-768x576.jpg 768w, https:\/\/fukuoka.barcaacademy.com\/news\/wp-content\/uploads\/2017\/05\/S__7626755-650x487.jpg 650w\" sizes=\"auto, (max-width: 1478px) 100vw, 1478px\" \/><\/p>\n<p><img loading=\"lazy\" decoding=\"async\" src=\"https:\/\/fukuoka.barcaacademy.com\/news\/wp-content\/uploads\/2017\/05\/S__7626754.jpg\" alt=\"\" width=\"1707\" height=\"960\" class=\"aligncenter size-full wp-image-8810\" srcset=\"https:\/\/fukuoka.barcaacademy.com\/news\/wp-content\/uploads\/2017\/05\/S__7626754.jpg 1707w, https:\/\/fukuoka.barcaacademy.com\/news\/wp-content\/uploads\/2017\/05\/S__7626754-300x169.jpg 300w, https:\/\/fukuoka.barcaacademy.com\/news\/wp-content\/uploads\/2017\/05\/S__7626754-768x432.jpg 768w, https:\/\/fukuoka.barcaacademy.com\/news\/wp-content\/uploads\/2017\/05\/S__7626754-650x366.jpg 650w\" sizes=\"auto, (max-width: 1707px) 100vw, 1707px\" \/><\/p>\n<p>Buenos d\u00edas familia de la FCBEscola Fukuoka!!!!<br \/>\nEl pasado viernes 19 realizamos la inauguraci\u00f3n de la Copa Catalunya.<\/p>\n<p>FC\u30d0\u30eb\u30bb\u30ed\u30ca\u30b9\u30af\u30fc\u30eb \u798f\u5ca1\u6821\u306e\u30d5\u30a1\u30df\u30ea\u30fc\u306e\u7686\u69d8 \u3053\u3093\u306b\u3061\u306f!!<br \/>\n\u5148\u65e5\u306e19\u65e5(\u91d1)\u30b3\u30d1 \u30ab\u30bf\u30eb\u30fc\u30cb\u30e3\u304c\u958b\u5e55\u3057\u307e\u3057\u305f\u3002<\/p>\n<p>Fue una jornada de diversi\u00f3n y aprendizaje donde se vio que los alumnos de la FCBEscola Fukuoka van asimilando los conceptos que se les quiere transmitir.El d\u00eda comenz\u00f3 con una charla en la que Oskar Coca , director de la FCBEscola Fukuoka, quien transmiti\u00f3 conceptos de c\u00f3mo competir como equipo y como hacerlo como jugador individual.<\/p>\n<p>\u697d\u3057\u304f\u3001\u5b66\u3073\u306e\u3042\u308b1\u7bc0\u3068\u306a\u308a\u3001\u6211\u3005\u304c\u4f1d\u3048\u305f\u3044\u57fa\u672c\u7684\u306a\u90e8\u5206\u3092FC\u30d0\u30eb\u30bb\u30ed\u30ca\u30b9\u30af\u30fc\u30eb\u798f\u5ca1\u6821\u306e\u751f\u5f92\u9054\u306f\u898b\u305b\u3066\u304f\u308c\u307e\u3057\u305f\u3002\u5f53\u65e5\u306f\u3001\u798f\u5ca1\u6821\u306e\u30c6\u30af\u30cb\u30ab\u30eb\u30c0\u30a4\u30ec\u30af\u30bf\u30fc\u306e\u30aa\u30b9\u30ab\u30eb\u30b3\u30ab\u30b3\u30fc\u30c1\u306e\u6226\u8853\u9762\u3084\u30eb\u30fc\u30eb\u306e\u8a71\u3067\u59cb\u307e\u308a\u307e\u3057\u305f\u3002\u30c1\u30fc\u30e0\u3068\u3057\u3066\u3001\u500b\u4eba\u3068\u3057\u3066\u3069\u306e\u3088\u3046\u306b\u7af6\u3044\u5408\u3046\u304b\u306e\u57fa\u672c\u3092\u4f1d\u3048\u307e\u3057\u305f\u3002<\/p>\n<p>Estos conceptos fueron asimilados y en el campo pudimos ver detalles como equipos que iban perdiendo consegu\u00edan remontar, como los equipos realizaban movimientos tanto con bal\u00f3n como sin el o como en cada acci\u00f3n los jugadores proteg\u00edan el bal\u00f3n en todo momento.<\/p>\n<p>\u57fa\u672c\u7684\u306a\u90e8\u5206\u306f\u3001\u9078\u624b\u9054\u304c\u7406\u89e3\u3057\u3001\u30d4\u30c3\u30c1\u3067\u305d\u306e\u69d8\u5b50\u304c\u4f3a\u3048\u3001\u8ca0\u3051\u3066\u3044\u308b\u6642\u306e\u30c1\u30fc\u30e0\u3068\u3057\u3066\u306e\u9006\u8ee2\u3059\u308b\u59ff\u3084\u3001\u653b\u5b88\u306b\u308f\u305f\u308a\u30dc\u30fc\u30eb\u304c\u3042\u308b\u6642\u3068\u7121\u3044\u6642\u306e\u52d5\u304d\u65b9\u3084\u3001\u653b\u6483\u6642\u306b\u306f\u3001\u30dc\u30fc\u30eb\u3092\u5927\u4e8b\u306b\u3059\u308b\u30d7\u30ec\u30fc\u304c\u898b\u53d7\u3051\u3089\u308c\u307e\u3057\u305f\u3002<\/p>\n<p>Al t\u00e9rmino de esta primera jornada los resultados fueron muy justos por lo que todo queda muy abierto para los siguientes partidos.Recordamos que la siguiente jornada de la Copa Catalunya ser\u00e1 el pr\u00f3ximo viernes 26 donde se jugar\u00e1n dos jornadas para recuperar la anteriormente aplazada.Animo a todos los equipos !!<\/p>\n<p>1\u7bc0\u304c\u7d42\u308f\u308a\u307e\u3057\u305f\u304c\u3001\u7d50\u679c\u306f\u62ee\u6297\u3057\u3066\u304a\u308a\u6b21\u7bc0\u4ee5\u964d\u3082\u5404\u30c1\u30fc\u30e0\u306b\u30c1\u30e3\u30f3\u30b9\u304c\u3042\u308a\u307e\u3059\u3002\u6b21\u56de\u306e\u30b3\u30d1 \u30ab\u30bf\u30eb\u30fc\u30cb\u30e3\u306f26\u65e5(\u91d1)\u306b\u306a\u308a\u307e\u3059\u304c\u3001\u9806\u5ef6\u3057\u305f\u7b2c1\u7bc0\u3082\u884c\u3044\u307e\u3059\u306e\u30672\u8a66\u5408\u3068\u306a\u308a\u307e\u3059\u306e\u3067\u3088\u308d\u3057\u304f\u304a\u9858\u3044\u3044\u305f\u3057\u307e\u3059\u3002<\/p>\n<p>\u30c1\u30fc\u30e0\u306e\u7686\u3055\u3093 \u9811\u5f35\u3063\u3066\u4e0b\u3055\u3044!!<\/p>\n<p>Un abrazo.Visca el Bar\u00e7a!!!<br \/>\nOskar Coca.<\/p>\n<p>>><a href=\"https:\/\/fukuoka.barcaacademy.com\/news\/?p=8289\">\u30b3\u30f3\u30da\u30c6\u30a3\u30b7\u30e7\u30f3\u30b3\u30fc\u30b9\u3068\u306f\uff1f<\/a><\/p>\n<p>>><a href=\"https:\/\/fukuoka.barcaacademy.com\/news\/?p=8672\">\u30b3\u30f3\u30da\u30c6\u30a3\u30b7\u30e7\u30f3\u30b3\u30fc\u30b9\u306e\u8a66\u5408\u7d50\u679c\u306f\u3053\u3061\u3089<\/a><br \/>\n>><a href=\"https:\/\/fukuoka.barcaacademy.com\/news\/?p=8669\">\u30d7\u30ec\u30b3\u30f3\u30da\u30c6\u30a3\u30b7\u30e7\u30f3\u30b3\u30fc\u30b9\u306e\u8a66\u5408\u7d50\u679c\u306f\u3053\u3061\u3089<\/a><\/p>\n","protected":false},"excerpt":{"rendered":"<p>Buenos d\u00edas familia de la FCBEscola Fukuoka!!!! El pasado viernes 19 realizamos la inauguraci\u00f3n de la Copa Catalunya. FC\u30d0\u30eb\u30bb\u30ed\u30ca\u30b9\u30af\u30fc\u30eb \u798f\u5ca1\u6821\u306e\u30d5\u30a1\u30df\u30ea\u30fc\u306e\u7686\u69d8 \u3053\u3093\u306b\u3061\u306f!!\u2026<\/p>\n","protected":false},"author":3,"featured_media":8809,"comment_status":"closed","ping_status":"open","sticky":false,"template":"","format":"standard","meta":{"footnotes":""},"categories":[40],"tags":[],"class_list":["post-8788","post","type-post","status-publish","format-standard","has-post-thumbnail","hentry","category-40"],"aioseo_notices":[],"_links":{"self":[{"href":"https:\/\/fukuoka.barcaacademy.com\/news\/wp-json\/wp\/v2\/posts\/8788","targetHints":{"allow":["GET"]}}],"collection":[{"href":"https:\/\/fukuoka.barcaacademy.com\/news\/wp-json\/wp\/v2\/posts"}],"about":[{"href":"https:\/\/fukuoka.barcaacademy.com\/news\/wp-json\/wp\/v2\/types\/post"}],"author":[{"embeddable":true,"href":"https:\/\/fukuoka.barcaacademy.com\/news\/wp-json\/wp\/v2\/users\/3"}],"replies":[{"embeddable":true,"href":"https:\/\/fukuoka.barcaacademy.com\/news\/wp-json\/wp\/v2\/comments?post=8788"}],"version-history":[{"count":3,"href":"https:\/\/fukuoka.barcaacademy.com\/news\/wp-json\/wp\/v2\/posts\/8788\/revisions"}],"predecessor-version":[{"id":8812,"href":"https:\/\/fukuoka.barcaacademy.com\/news\/wp-json\/wp\/v2\/posts\/8788\/revisions\/8812"}],"wp:featuredmedia":[{"embeddable":true,"href":"https:\/\/fukuoka.barcaacademy.com\/news\/wp-json\/wp\/v2\/media\/8809"}],"wp:attachment":[{"href":"https:\/\/fukuoka.barcaacademy.com\/news\/wp-json\/wp\/v2\/media?parent=8788"}],"wp:term":[{"taxonomy":"category","embeddable":true,"href":"https:\/\/fukuoka.barcaacademy.com\/news\/wp-json\/wp\/v2\/categories?post=8788"},{"taxonomy":"post_tag","embeddable":true,"href":"https:\/\/fukuoka.barcaacademy.com\/news\/wp-json\/wp\/v2\/tags?post=8788"}],"curies":[{"name":"wp","href":"https:\/\/api.w.org\/{rel}","templated":true}]}}